{"id":5686,"date":"2013-01-07T20:00:36","date_gmt":"2013-01-07T19:00:36","guid":{"rendered":"http:\/\/vildavastra.se\/mommasblogg\/?p=5686"},"modified":"2013-01-07T20:00:36","modified_gmt":"2013-01-07T19:00:36","slug":"eftervarme","status":"publish","type":"post","link":"https:\/\/mommas.junselebyar.se\/wp\/?p=5686","title":{"rendered":"Efterv\u00e4rme&#8230;"},"content":{"rendered":"<figure id=\"attachment_5690\" aria-describedby=\"caption-attachment-5690\" style=\"width: 420px\" class=\"wp-caption alignleft\"><a href=\"http:\/\/vildavastra.se\/mommasblogg\/wp-content\/uploads\/2013\/01\/100_3519fotov\u00e4gg.jpg\"><img loading=\"lazy\" decoding=\"async\" class=\"size-medium wp-image-5690\" title=\"100_3519fotov\u00e4gg\" src=\"http:\/\/vildavastra.se\/mommasblogg\/wp-content\/uploads\/2013\/01\/100_3519fotov\u00e4gg-420x315.jpg\" alt=\"V\u00e5r fotov\u00e4gg, \u00f6verfull av efterv\u00e4rme.\" width=\"420\" height=\"315\" \/><\/a><figcaption id=\"caption-attachment-5690\" class=\"wp-caption-text\">V\u00e5r fotov\u00e4gg, \u00f6verfull av efterv\u00e4rme.<\/figcaption><\/figure>\n<p>Har haft julklappsboken Efterv\u00e4rme avTomas Sj\u00f6din p\u00e5 mitt s\u00e4ngbord och l\u00e4st ur den\u00a0lite d\u00e5 och d\u00e5. Efterv\u00e4rme \u00e4r en tankebok, som grunnar p\u00e5 fr\u00e5gor som : Vad betyder det att taemot livet som ett l\u00e5n. ?\u00a0\u00a0 Kan man n\u00e4rma sig sin \u00e5lderdom, som man f\u00f6rbereder sig f\u00f6r \u00a0en resa, efterl\u00e4ngtad eller kanske sv\u00e5r ?<\/p>\n<p>N\u00e4r man som vi \u00e4r mitt i \u00e5lderdomen, eller som min morbror sa vid v\u00e5rt senaste m\u00f6te : &#8221;\u00c5lderdomen h\u00e5ller p\u00e5 att ta oss.&#8221; S\u00e5 k\u00e4nns det gott att l\u00e4sa en bok d\u00e4r det mesta st\u00e4ller allt p\u00e5 plats, man \u00a0k\u00e4nner igen sig, det \u00e4r ju s\u00e5h\u00e4r det \u00e4r.<\/p>\n<p>Efterv\u00e4rme \u00e4r den v\u00e4rme som stannar kvar efter n\u00e5got som man upplevt, sett\u00a0, ett m\u00f6te eller som jag kan k\u00e4nna n\u00e4r jag sitter och tittar p\u00e5 v\u00e5r fotov\u00e4gg av familjen. D\u00e5 str\u00f6mmar mycken efterv\u00e4rme tillbaka.En v\u00e4rme av minnen och h\u00e4ndelser fr\u00e5n dem jag \u00e4lskar. N\u00e5gra har g\u00e5tt, m\u00e5nga finns kvar, n\u00e5gra nyss kommna. Men bakom varje ansikte d\u00f6ljer sig en historia, och en efterv\u00e4rme som kommer att finnas s\u00e5 l\u00e4nge jag finns &#8230;<\/p>\n<p>Dagens citat : Det finns inga svar utanf\u00f6r mig som inte finns inom mig.<\/p>\n<p>-6 gr&#8230;\u00a0\u00a0\u00a0\u00a0\u00a0\u00a0\u00a0\u00a0\u00a0\u00a0\u00a0\u00a0\u00a0\u00a0\u00a0\u00a0\u00a0\u00a0\u00a0\u00a0\u00a0\u00a0\u00a0\u00a0\u00a0\u00a0\u00a0\u00a0\u00a0\u00a0\u00a0\u00a0\u00a0\u00a0\u00a0\u00a0\u00a0\u00a0\u00a0\u00a0\u00a0 vi h\u00f6rs &#8230;<\/p>\n","protected":false},"excerpt":{"rendered":"<p>Har haft julklappsboken Efterv\u00e4rme avTomas Sj\u00f6din p\u00e5 mitt s\u00e4ngbord och l\u00e4st ur den\u00a0lite d\u00e5 och d\u00e5. Efterv\u00e4rme \u00e4r en tankebok, som grunnar p\u00e5 fr\u00e5gor som : Vad betyder det att taemot livet som ett l\u00e5n. ?\u00a0\u00a0 Kan man n\u00e4rma sig sin \u00e5lderdom, som man f\u00f6rbereder sig f\u00f6r \u00a0en resa, efterl\u00e4ngtad eller kanske sv\u00e5r ? N\u00e4r &hellip; <a href=\"https:\/\/mommas.junselebyar.se\/wp\/?p=5686\" class=\"more-link\">Forts\u00e4tt l\u00e4sa <span class=\"screen-reader-text\">Efterv\u00e4rme&#8230;<\/span> <span class=\"meta-nav\">&rarr;<\/span><\/a><\/p>\n","protected":false},"author":3,"featured_media":0,"comment_status":"open","ping_status":"closed","sticky":false,"template":"","format":"standard","meta":{"footnotes":""},"categories":[4],"tags":[],"class_list":["post-5686","post","type-post","status-publish","format-standard","hentry","category-fran-holafors"],"_links":{"self":[{"href":"https:\/\/mommas.junselebyar.se\/wp\/index.php?rest_route=\/wp\/v2\/posts\/5686","targetHints":{"allow":["GET"]}}],"collection":[{"href":"https:\/\/mommas.junselebyar.se\/wp\/index.php?rest_route=\/wp\/v2\/posts"}],"about":[{"href":"https:\/\/mommas.junselebyar.se\/wp\/index.php?rest_route=\/wp\/v2\/types\/post"}],"author":[{"embeddable":true,"href":"https:\/\/mommas.junselebyar.se\/wp\/index.php?rest_route=\/wp\/v2\/users\/3"}],"replies":[{"embeddable":true,"href":"https:\/\/mommas.junselebyar.se\/wp\/index.php?rest_route=%2Fwp%2Fv2%2Fcomments&post=5686"}],"version-history":[{"count":0,"href":"https:\/\/mommas.junselebyar.se\/wp\/index.php?rest_route=\/wp\/v2\/posts\/5686\/revisions"}],"wp:attachment":[{"href":"https:\/\/mommas.junselebyar.se\/wp\/index.php?rest_route=%2Fwp%2Fv2%2Fmedia&parent=5686"}],"wp:term":[{"taxonomy":"category","embeddable":true,"href":"https:\/\/mommas.junselebyar.se\/wp\/index.php?rest_route=%2Fwp%2Fv2%2Fcategories&post=5686"},{"taxonomy":"post_tag","embeddable":true,"href":"https:\/\/mommas.junselebyar.se\/wp\/index.php?rest_route=%2Fwp%2Fv2%2Ftags&post=5686"}],"curies":[{"name":"wp","href":"https:\/\/api.w.org\/{rel}","templated":true}]}}