{"id":5722,"date":"2013-01-15T20:25:53","date_gmt":"2013-01-15T19:25:53","guid":{"rendered":"http:\/\/vildavastra.se\/mommasblogg\/?p=5722"},"modified":"2013-01-15T20:25:53","modified_gmt":"2013-01-15T19:25:53","slug":"tva-icke-helt-vanliga-dagar","status":"publish","type":"post","link":"https:\/\/mommas.junselebyar.se\/wp\/?p=5722","title":{"rendered":"Tv\u00e5 icke helt vanliga dagar&#8230;"},"content":{"rendered":"<figure id=\"attachment_5729\" aria-describedby=\"caption-attachment-5729\" style=\"width: 420px\" class=\"wp-caption alignleft\"><a href=\"http:\/\/vildavastra.se\/mommasblogg\/wp-content\/uploads\/2013\/01\/100_3534-tomtar.jpg\"><img loading=\"lazy\" decoding=\"async\" class=\"size-medium wp-image-5729\" title=\"100_3534 tomtar\" src=\"http:\/\/vildavastra.se\/mommasblogg\/wp-content\/uploads\/2013\/01\/100_3534-tomtar-420x334.jpg\" alt=\"Hur l\u00e4nge ska vi st\u00e5 h\u00e4r ?\" width=\"420\" height=\"334\" \/><\/a><figcaption id=\"caption-attachment-5729\" class=\"wp-caption-text\">Hur l\u00e4nge ska vi st\u00e5 h\u00e4r ?<\/figcaption><\/figure>\n<p>F\u00e5r ofta fr\u00e5gan,\u00a0\u00a0fr\u00e5n\u00a0v\u00e4nner och bekanta,Hur \u00e4r det ? Hur st\u00e5r det till ? Svaret blir oftast, Jor\u00e5 det \u00e4r nog som vanligt, den ena dagen \u00e4r den andra lik. Men inte ig\u00e5r, Vaknade till en dag med 30minusgrader ute. Halvruggigt inomhus. En s\u00e5n d\u00e4r dag som man helst velat stanna kvar i s\u00e4ngen. Dottern Madde ringer, mamma Anton o Isabelle har \u00e5kt p\u00e5 BB, det blir barn idag.<\/p>\n<p>Nu blev det genast ljusare,v\u00e5rt fj\u00e4rde barnbarnsbarn ska f\u00f6das idag. Vad vi v\u00e4ntade och v\u00e4ntade. Det spelar ingen roll om det \u00e4r det f\u00f6rsta barnet f\u00f6r 58 \u00e5r sedan, eller som nu det tjugonde barnet i fam. Det \u00e4r ett\u00a0lika stort \u00f6gonblick varje g\u00e5ng.<\/p>\n<p>Klockan 22.50 fick vi veta, en liten t\u00f6s 4260 gr.tung 51 cm l\u00e5ng hade sett dagens ljus. Efter SMS och bild av den lilla, var det sv\u00e5rt att sova. Dagen i dag har varit en dag med telefonprat, samt bortplocking av julen. Att st\u00e4da bort julen brukar g\u00e5 som en dans, men Kjells diskbr\u00e5ck strular, mina kn\u00e4n \u00e4r heller inte bra , s\u00e5 n\u00e5tt trappspring blev det inte. Allt st\u00e5r i en vr\u00e5 i k\u00f6ket. Kanske kommer det n\u00e5gon som kan hj\u00e4lpa oss. Men ett har vi best\u00e4mt, det h\u00e4r var sista julen med s\u00e5 mycket pynt.<\/p>\n<p>Eller som f\u00f6rfattaren Tomas Sj\u00f6din skriver : &#8221; endag ska allting l\u00e4mnas tillbaka. N\u00e5gon lade det i v\u00e5ra h\u00e4nder men bara f\u00f6r en liten stund. En dag \u00e4r det inte l\u00e4ngre v\u00e5rt. N\u00e5gon annan ska s\u00e4ga det \u00e4r v\u00e5rt eller mitt.<\/p>\n<p>Dagens citat :Det h\u00e4r \u00f6gonbicket \u00e4r ingenting annat \u00e4n summan av alla de \u00f6gonblick som var ditt.<\/p>\n<p>&#8211; 11gr &#8230;\u00a0\u00a0\u00a0\u00a0\u00a0\u00a0\u00a0\u00a0\u00a0\u00a0\u00a0\u00a0\u00a0\u00a0\u00a0\u00a0\u00a0\u00a0\u00a0\u00a0\u00a0\u00a0\u00a0\u00a0\u00a0\u00a0\u00a0\u00a0\u00a0\u00a0\u00a0\u00a0\u00a0\u00a0\u00a0\u00a0\u00a0\u00a0\u00a0\u00a0\u00a0\u00a0\u00a0\u00a0\u00a0\u00a0\u00a0\u00a0\u00a0\u00a0\u00a0\u00a0\u00a0\u00a0\u00a0\u00a0\u00a0\u00a0\u00a0\u00a0\u00a0\u00a0\u00a0\u00a0\u00a0\u00a0\u00a0\u00a0\u00a0\u00a0\u00a0\u00a0\u00a0\u00a0\u00a0\u00a0\u00a0\u00a0\u00a0\u00a0\u00a0\u00a0\u00a0\u00a0\u00a0\u00a0\u00a0\u00a0\u00a0\u00a0\u00a0\u00a0\u00a0\u00a0 vi h\u00f6rs&#8230;<\/p>\n","protected":false},"excerpt":{"rendered":"<p>F\u00e5r ofta fr\u00e5gan,\u00a0\u00a0fr\u00e5n\u00a0v\u00e4nner och bekanta,Hur \u00e4r det ? Hur st\u00e5r det till ? Svaret blir oftast, Jor\u00e5 det \u00e4r nog som vanligt, den ena dagen \u00e4r den andra lik. Men inte ig\u00e5r, Vaknade till en dag med 30minusgrader ute. Halvruggigt inomhus. En s\u00e5n d\u00e4r dag som man helst velat stanna kvar i s\u00e4ngen. Dottern Madde &hellip; <a href=\"https:\/\/mommas.junselebyar.se\/wp\/?p=5722\" class=\"more-link\">Forts\u00e4tt l\u00e4sa <span class=\"screen-reader-text\">Tv\u00e5 icke helt vanliga dagar&#8230;<\/span> <span class=\"meta-nav\">&rarr;<\/span><\/a><\/p>\n","protected":false},"author":3,"featured_media":0,"comment_status":"open","ping_status":"closed","sticky":false,"template":"","format":"standard","meta":{"footnotes":""},"categories":[4],"tags":[],"class_list":["post-5722","post","type-post","status-publish","format-standard","hentry","category-fran-holafors"],"_links":{"self":[{"href":"https:\/\/mommas.junselebyar.se\/wp\/index.php?rest_route=\/wp\/v2\/posts\/5722","targetHints":{"allow":["GET"]}}],"collection":[{"href":"https:\/\/mommas.junselebyar.se\/wp\/index.php?rest_route=\/wp\/v2\/posts"}],"about":[{"href":"https:\/\/mommas.junselebyar.se\/wp\/index.php?rest_route=\/wp\/v2\/types\/post"}],"author":[{"embeddable":true,"href":"https:\/\/mommas.junselebyar.se\/wp\/index.php?rest_route=\/wp\/v2\/users\/3"}],"replies":[{"embeddable":true,"href":"https:\/\/mommas.junselebyar.se\/wp\/index.php?rest_route=%2Fwp%2Fv2%2Fcomments&post=5722"}],"version-history":[{"count":0,"href":"https:\/\/mommas.junselebyar.se\/wp\/index.php?rest_route=\/wp\/v2\/posts\/5722\/revisions"}],"wp:attachment":[{"href":"https:\/\/mommas.junselebyar.se\/wp\/index.php?rest_route=%2Fwp%2Fv2%2Fmedia&parent=5722"}],"wp:term":[{"taxonomy":"category","embeddable":true,"href":"https:\/\/mommas.junselebyar.se\/wp\/index.php?rest_route=%2Fwp%2Fv2%2Fcategories&post=5722"},{"taxonomy":"post_tag","embeddable":true,"href":"https:\/\/mommas.junselebyar.se\/wp\/index.php?rest_route=%2Fwp%2Fv2%2Ftags&post=5722"}],"curies":[{"name":"wp","href":"https:\/\/api.w.org\/{rel}","templated":true}]}}