{"id":5747,"date":"2013-01-19T11:26:57","date_gmt":"2013-01-19T10:26:57","guid":{"rendered":"http:\/\/vildavastra.se\/mommasblogg\/?p=5747"},"modified":"2013-01-19T11:26:57","modified_gmt":"2013-01-19T10:26:57","slug":"amaryllis-mm","status":"publish","type":"post","link":"https:\/\/mommas.junselebyar.se\/wp\/?p=5747","title":{"rendered":"Amaryllis mm &#8230;"},"content":{"rendered":"<figure id=\"attachment_5760\" aria-describedby=\"caption-attachment-5760\" style=\"width: 420px\" class=\"wp-caption alignleft\"><a href=\"http:\/\/vildavastra.se\/mommasblogg\/wp-content\/uploads\/2013\/01\/Amaryllis.jpg\"><img loading=\"lazy\" decoding=\"async\" class=\"size-medium wp-image-5760\" title=\"Amaryllis\" src=\"http:\/\/vildavastra.se\/mommasblogg\/wp-content\/uploads\/2013\/01\/Amaryllis-420x315.jpg\" alt=\"Mi fina Amaryllis.\" width=\"420\" height=\"315\" \/><\/a><figcaption id=\"caption-attachment-5760\" class=\"wp-caption-text\">Mi fina Amaryllis.<\/figcaption><\/figure>\n<p>Fick en Amaryllis av Kjell i julas. Vilken v\u00e4xtkraft det fanns i den blomman. N\u00e5gra sm\u00e5 blad, tv\u00e5 sm\u00e5 knoppar i mitten, men vackert dekorerad var den n\u00e4r jag fick den. Men som en explosion slog den f\u00f6rsta knoppen ut med fem eldr\u00f6da stora blommor. Innan dessa helt hade vissnat, slog den andra knoppen ut. Nu st\u00e5r den d\u00e4r stolt med fem nya\u00a0 eldr\u00f6da blommor ,f\u00f6rgyller vardagen, ger oss gl\u00e4dje och v\u00e4rme i den iskalla vintern. Ig\u00e5r &#8211; 30 gr ute.<\/p>\n<p>N\u00e5gonting annat som v\u00e4rmer \u00e4r v\u00e5ra barn, barnbarn, nu \u00e4ven barnbarnsbarnen. T\u00e4nk vilken rikedom och allt b\u00f6rjade med oss tv\u00e5, Kjell och mig. Det har nu vuxit till en n\u00e4stan o\u00f6versk\u00e5dlig skara p\u00e5 31st. Sv\u00e5rt att h\u00e5lla reda p\u00e5 namn, \u00e5lder, adresser, f\u00f6delsedagar mm. i varje familj.<\/p>\n<p>Men dom h\u00e5ller reda p\u00e5 oss, ser till att vi har bra. Hj\u00e4lper oss med det mesta nu. M\u00e4rkligt det h\u00e4r med att bli gammal.Det smyger sig liksom p\u00e5. Kroppen sk\u00f6terom det, pl\u00f6tsligt \u00e4r det, det\u00a0som tidigare var utan problem, nu \u00e4r tungt att utf\u00f6ra, t\u00e4nka sig att g\u00f6ra. T\u00e4nker p\u00e5 vad min mor alltid sa : &#8221;Ji sk\u00f6 fo si sj\u00e5lv, d\u00e5 ji bli g\u00e4mmal.&#8221;<\/p>\n<p>V\u00e4nner. Visst har vi v\u00e4nner, bekanta, syskon,\u00a0men det glesnar ocks\u00e5 d\u00e4r n\u00e4r man blir gammal. M\u00e5nga \u00e4r dom som l\u00e4mnat jordelivet,de som finns kvar k\u00e4nner av samma \u00e5lderdom som vi. Vi ringer till varandra,\u00a0 mera s\u00e4llan nu. Det blir mest prat om kr\u00e4mpor och hur m\u00e5r du ? etc. Minns du? Det var tider det. osv.<\/p>\n<p>Citerar ur Tomas Sj\u00f6dins bok Efterv\u00e4rme igen : &#8221; Jag har en \u00f6nskan\u00a0 inf\u00f6r den stundande \u00e5lderdomen. Kan jag f\u00e5 slippa vara pigg? Jag t\u00e4nker sl\u00e5ss f\u00f6r r\u00e4tten att vara tr\u00f6tt n\u00e4r jag \u00e4r det &#8221;<\/p>\n<p>&#8211; 13 gr&#8230;\u00a0\u00a0\u00a0\u00a0\u00a0\u00a0\u00a0\u00a0\u00a0\u00a0\u00a0\u00a0\u00a0\u00a0\u00a0\u00a0\u00a0\u00a0\u00a0\u00a0\u00a0\u00a0\u00a0\u00a0\u00a0\u00a0\u00a0\u00a0\u00a0\u00a0\u00a0\u00a0\u00a0\u00a0\u00a0\u00a0\u00a0\u00a0\u00a0\u00a0\u00a0\u00a0\u00a0\u00a0\u00a0\u00a0\u00a0\u00a0\u00a0\u00a0\u00a0\u00a0\u00a0\u00a0\u00a0\u00a0\u00a0\u00a0\u00a0\u00a0\u00a0\u00a0\u00a0\u00a0\u00a0\u00a0\u00a0\u00a0 vi h\u00f6rs &#8230;<\/p>\n","protected":false},"excerpt":{"rendered":"<p>Fick en Amaryllis av Kjell i julas. Vilken v\u00e4xtkraft det fanns i den blomman. N\u00e5gra sm\u00e5 blad, tv\u00e5 sm\u00e5 knoppar i mitten, men vackert dekorerad var den n\u00e4r jag fick den. Men som en explosion slog den f\u00f6rsta knoppen ut med fem eldr\u00f6da stora blommor. Innan dessa helt hade vissnat, slog den andra knoppen ut. &hellip; <a href=\"https:\/\/mommas.junselebyar.se\/wp\/?p=5747\" class=\"more-link\">Forts\u00e4tt l\u00e4sa <span class=\"screen-reader-text\">Amaryllis mm &#8230;<\/span> <span class=\"meta-nav\">&rarr;<\/span><\/a><\/p>\n","protected":false},"author":3,"featured_media":0,"comment_status":"open","ping_status":"closed","sticky":false,"template":"","format":"standard","meta":{"footnotes":""},"categories":[4],"tags":[],"class_list":["post-5747","post","type-post","status-publish","format-standard","hentry","category-fran-holafors"],"_links":{"self":[{"href":"https:\/\/mommas.junselebyar.se\/wp\/index.php?rest_route=\/wp\/v2\/posts\/5747","targetHints":{"allow":["GET"]}}],"collection":[{"href":"https:\/\/mommas.junselebyar.se\/wp\/index.php?rest_route=\/wp\/v2\/posts"}],"about":[{"href":"https:\/\/mommas.junselebyar.se\/wp\/index.php?rest_route=\/wp\/v2\/types\/post"}],"author":[{"embeddable":true,"href":"https:\/\/mommas.junselebyar.se\/wp\/index.php?rest_route=\/wp\/v2\/users\/3"}],"replies":[{"embeddable":true,"href":"https:\/\/mommas.junselebyar.se\/wp\/index.php?rest_route=%2Fwp%2Fv2%2Fcomments&post=5747"}],"version-history":[{"count":0,"href":"https:\/\/mommas.junselebyar.se\/wp\/index.php?rest_route=\/wp\/v2\/posts\/5747\/revisions"}],"wp:attachment":[{"href":"https:\/\/mommas.junselebyar.se\/wp\/index.php?rest_route=%2Fwp%2Fv2%2Fmedia&parent=5747"}],"wp:term":[{"taxonomy":"category","embeddable":true,"href":"https:\/\/mommas.junselebyar.se\/wp\/index.php?rest_route=%2Fwp%2Fv2%2Fcategories&post=5747"},{"taxonomy":"post_tag","embeddable":true,"href":"https:\/\/mommas.junselebyar.se\/wp\/index.php?rest_route=%2Fwp%2Fv2%2Ftags&post=5747"}],"curies":[{"name":"wp","href":"https:\/\/api.w.org\/{rel}","templated":true}]}}